{"id":187,"date":"2015-12-28T10:28:04","date_gmt":"2015-12-28T09:28:04","guid":{"rendered":"http:\/\/saloncesare.pl\/blog\/?p=187"},"modified":"2015-12-31T10:37:41","modified_gmt":"2015-12-31T09:37:41","slug":"trzy-najgoretsze-trendy-fryzjerskie-w-2015-roku","status":"publish","type":"post","link":"http:\/\/saloncesare.pl\/blog\/trzy-najgoretsze-trendy-fryzjerskie-w-2015-roku\/","title":{"rendered":"Trzy najgor\u0119tsze trendy fryzjerskie w 2015 roku"},"content":{"rendered":"<p>Rok 2015 dobiega ko\u0144ca, dlatego postanowili\u015bmy przygotowa\u0107 dla Was przegl\u0105d najwa\u017cniejszych fryzjerskich trend\u00f3w, kt\u00f3re obowi\u0105zywa\u0142y w ci\u0105gu ostatnich dwunastu miesi\u0119cy. Kt\u00f3re kosmetyki zyska\u0142y nasz\u0105 najwi\u0119ksza sympati\u0119? Dowiecie si\u0119 z dzisiejszego wpisu.<\/p>\n<h2><!--more-->Olaplex<\/h2>\n<p>Chyba ka\u017cda brunetka marzy\u0142a kiedy\u015b o tym, \u017ceby przefarbowa\u0107 w\u0142osy na platynowy blond. Niestety, tak radykalna zmiana koloru oznacza\u0142a ca\u0142kowite zniszczenie struktury w\u0142osa i najcz\u0119\u015bciej musia\u0142a by\u0107 poprzedzona stopniowym rozja\u015bnianiem. Tym bardziej wi\u0119c nie powinien dziwi\u0107 fakt, \u017ce Olaplex od pocz\u0105tku jego wprowadzenia na rynek, zosta\u0142 okrzykni\u0119ty fryzjersk\u0105 rewolucj\u0105. Preparat umo\u017cliwia natychmiastow\u0105 zmian\u0119 koloru a opr\u00f3cz tego sprawia, \u017ce pasma pozostaj\u0105 zdrowe i dog\u0142\u0119bnie od\u017cywione. Jak dzia\u0142a Olaplex? Kosmetyk jest dodawany do farby lub rozja\u015bniacza. Jego zadaniem jest odbudowa mostk\u00f3w dwusiarczkowych, znajduj\u0105cych si\u0119 wewn\u0105trz w\u0142osa. Ponadto Olaplex replikuje wi\u0105zania, wiec przy ka\u017cdym farbowaniu z jego u\u017cyciem, pasma staj\u0105 si\u0119 silniejsze. Olaplex mo\u017cna \u015bmia\u0142o uzna\u0107 za najwa\u017cniejszy kosmetyk mijaj\u0105cego roku.<\/p>\n<h2>Nowa Era Koloryzacji<\/h2>\n<p>Koloryzacja w\u0142os\u00f3w bez u\u017cycia amoniaku? Dzi\u0119ki kosmetykom z serii Davines A New Colour jest to mo\u017cliwe. Kolekcja zosta\u0142a zainspirowana \u015bwiatem owad\u00f3w, kt\u00f3ry daje nieograniczone, kolorystyczne mo\u017cliwo\u015bci. I w\u0142a\u015bnie taki efekt mo\u017cna uzyska\u0107 dzi\u0119ki kosmetykom A New Colour. Farby zawieraj\u0105 m.in. metakrzemian oraz olej rycynowy &#8211; sk\u0142adniki, zapewniaj\u0105ce doskona\u0142e krycie siwych w\u0142os\u00f3w bez niszczenia ich struktury. Pasma s\u0105 b\u0142yszcz\u0105ce, nawil\u017cone, a przede wszystkim maj\u0105 pi\u0119kny, naturalny kolor. Produkty z serii A New Colour sta\u0142y si\u0119 naszym tegorocznym ulubie\u0144cem ze wzgl\u0119du na doskona\u0142e dzia\u0142anie oraz mo\u017cliwo\u015b\u0107 pe\u0142nej swobody mieszania poszczeg\u00f3lnych odcieni.<\/p>\n<h2>Botoks dla w\u0142os\u00f3w<\/h2>\n<p>Czy mo\u017cna odm\u0142odzi\u0107 w\u0142osy? Mo\u017cna! Zabieg Fibraceutic to doskona\u0142y spos\u00f3b, aby zregenerowa\u0107 zniszczone pasma i przywr\u00f3ci\u0107 im kondycje. \u201eBotoks dla w\u0142os\u00f3w\u201d pozwala odbudowa\u0107 w\u0142osy od wewn\u0105trz, dlatego uzyskane rezultaty utrzymuj\u0105 si\u0119 na d\u0142ugo po zako\u0144czonej kuracji. Botoks dla w\u0142os\u00f3w wykonuje si\u0119 w dw\u00f3ch etapach. Najpierw na umyte i osuszone w\u0142osy zostaje na\u0142o\u017cone specjalne serum, kt\u00f3re ma silne dzia\u0142anie regeneruj\u0105ce. Serum zawiera keratyn\u0119, naturalny budulec w\u0142os\u00f3w, uzupe\u0142niaj\u0105cy uszkodzone fragmenty w\u0142osa. Drugim etapem zabiegu jest na\u0142o\u017cenie maski, kt\u00f3ra pozwala aktywnym sk\u0142adnikom wnikn\u0105\u0107 w g\u0142\u0105b ka\u017cdego pasma. Po sko\u0144czonym zabiegu preparat zostaje sp\u0142ukany, a w\u0142osy pozostaj\u0105 mocne i l\u015bni\u0105ce.<\/p>\n<p>&nbsp;<\/p>\n","protected":false},"excerpt":{"rendered":"<p>Rok 2015 dobiega ko\u0144ca, dlatego postanowili\u015bmy przygotowa\u0107 dla Was przegl\u0105d najwa\u017cniejszych fryzjerskich trend\u00f3w, kt\u00f3re obowi\u0105zywa\u0142y w ci\u0105gu ostatnich dwunastu miesi\u0119cy. Kt\u00f3re kosmetyki zyska\u0142y nasz\u0105 najwi\u0119ksza sympati\u0119? Dowiecie si\u0119 z dzisiejszego wpisu.<\/p>\n","protected":false},"author":1,"featured_media":188,"comment_status":"open","ping_status":"open","sticky":false,"template":"","format":"standard","meta":[],"categories":[1],"tags":[69,6,70],"_links":{"self":[{"href":"http:\/\/saloncesare.pl\/blog\/wp-json\/wp\/v2\/posts\/187"}],"collection":[{"href":"http:\/\/saloncesare.pl\/blog\/wp-json\/wp\/v2\/posts"}],"about":[{"href":"http:\/\/saloncesare.pl\/blog\/wp-json\/wp\/v2\/types\/post"}],"author":[{"embeddable":true,"href":"http:\/\/saloncesare.pl\/blog\/wp-json\/wp\/v2\/users\/1"}],"replies":[{"embeddable":true,"href":"http:\/\/saloncesare.pl\/blog\/wp-json\/wp\/v2\/comments?post=187"}],"version-history":[{"count":1,"href":"http:\/\/saloncesare.pl\/blog\/wp-json\/wp\/v2\/posts\/187\/revisions"}],"predecessor-version":[{"id":189,"href":"http:\/\/saloncesare.pl\/blog\/wp-json\/wp\/v2\/posts\/187\/revisions\/189"}],"wp:featuredmedia":[{"embeddable":true,"href":"http:\/\/saloncesare.pl\/blog\/wp-json\/wp\/v2\/media\/188"}],"wp:attachment":[{"href":"http:\/\/saloncesare.pl\/blog\/wp-json\/wp\/v2\/media?parent=187"}],"wp:term":[{"taxonomy":"category","embeddable":true,"href":"http:\/\/saloncesare.pl\/blog\/wp-json\/wp\/v2\/categories?post=187"},{"taxonomy":"post_tag","embeddable":true,"href":"http:\/\/saloncesare.pl\/blog\/wp-json\/wp\/v2\/tags?post=187"}],"curies":[{"name":"wp","href":"https:\/\/api.w.org\/{rel}","templated":true}]}}