{"id":161,"date":"2015-08-29T14:47:38","date_gmt":"2015-08-29T12:47:38","guid":{"rendered":"http:\/\/saloncesare.pl\/blog\/?p=161"},"modified":"2015-10-13T15:28:00","modified_gmt":"2015-10-13T13:28:00","slug":"dlaczego-wlosy-wypadaja-4-najczestsze-powody","status":"publish","type":"post","link":"http:\/\/saloncesare.pl\/blog\/dlaczego-wlosy-wypadaja-4-najczestsze-powody\/","title":{"rendered":"Dlaczego w\u0142osy wypadaj\u0105? 4 najcz\u0119stsze powody"},"content":{"rendered":"<p><span style=\"font-weight: 400;\">W\u0142osy wypadaj\u0105 Ci gar\u015bciami? Znajdujesz je w ka\u017cdym zakamarku swojego mieszkania? Widzisz, jak z ka\u017cdym dniem Twoje pasma staj\u0105 si\u0119 coraz rzadsze? Prawid\u0142owe ustalenie przyczyny wypadania w\u0142os\u00f3w jest kluczowe w celu podj\u0119cia odpowiedniej i skutecznej terapii leczniczej. Poni\u017cej podajemy najcz\u0119stsze powody wypadania w\u0142os\u00f3w.<\/span><!--more--><\/p>\n<h2>Stres<\/h2>\n<p>Chocia\u017c m\u00f3wi si\u0119, \u017ce stres jest obecnie nieod\u0142\u0105cznym elementem naszego \u017cycia, nie zmienia to faktu, \u017ce nadmierne przeci\u0105\u017cenie organizmu, ma negatywne konsekwencje dla zdrowia. Wypadanie w\u0142os\u00f3w mo\u017ce by\u0107 jedn\u0105 z oznak niew\u0142a\u015bciwego trybu \u017cycia oraz przem\u0119czenia.<\/p>\n<h2>Nieprawid\u0142owa dieta<\/h2>\n<p>Kondycja w\u0142os\u00f3w doskonale odzwierciedla stan ca\u0142ego organizmu. Kiedy nadchodzi jesie\u0144, wi\u0119kszo\u015b\u0107 pa\u0144 zauwa\u017ca, \u017ce traci coraz wi\u0119cej w\u0142os\u00f3w. Jest to pierwszy symptom zmniejszonej\u00a0odporno\u015bci oraz os\u0142abienia wywo\u0142anego nag\u0142ym spadkiem temperatury i brakiem s\u0142o\u0144ca. Wypadanie w\u0142os\u00f3w mo\u017ce by\u0107 sygna\u0142em, \u017ce w naszej diecie brakuje witamin, mikro i makroelement\u00f3w. Opisywali\u015bmy ju\u017c\u00a0na blogu, jaka jest odpowiednia <a href=\"http:\/\/saloncesare.pl\/blog\/tag\/co-jesc-aby-miec-zdrowe-wlosy\/\">dieta dla w\u0142os\u00f3w<\/a>. Du\u017ca ilo\u015b\u0107 aminokwas\u00f3w siarkowych, witamina A, B, C i E to najwa\u017cniejsze sk\u0142adniki, jakie powinni\u015bmy dostarcza\u0107 naszym w\u0142osom, je\u015bli chcemy, aby by\u0142y mocne i zdrowe.<\/p>\n<h2>Zmiany hormonalne<\/h2>\n<p>Gospodarka hormonalna\u00a0ma wp\u0142yw nie tylko na nasze samopoczucie, lecz r\u00f3wnie\u017c\u00a0wygl\u0105d. Zbyt niski lub zbyt wysoki poziom hormon\u00f3w tarczycy mo\u017ce by\u0107 jedn\u0105 z przyczyn nadmiernego wypadania w\u0142os\u00f3w oraz ich os\u0142abienia. Podobna sytuacja ma miejsce po urodzeniu dziecka, kiedy poziom\u00a0estrogen\u00f3w u kobiet spada nawet kilkaset razy. Z regu\u0142y po kilku miesi\u0105cach wypadanie w\u0142os\u00f3w ust\u0119puje, je\u015bli nie &#8211; warto si\u0119 zwr\u00f3ci\u0107 o pomoc do trychologa.<\/p>\n<h2>Choroby sk\u00f3ry\u00a0g\u0142owy<\/h2>\n<p><span style=\"font-weight: 400;\">Zdarza si\u0119, \u017ce przyczyna wypadania w\u0142os\u00f3w\u00a0tkwi u ich nasady, czyli w sk\u00f3rze g\u0142owy. \u0141upie\u017c (zw\u0142aszcza odmiana \u0142ojotokowa) oraz nadmiar sebum mog\u0105 przylega\u0107 do sk\u00f3ry g\u0142owy, a tym samym os\u0142abia\u0107 mieszki w\u0142osowe\u00a0i utrudnia\u0107 ich prac\u0119.\u00a0Je\u015bli sk\u00f3ra g\u0142owy jest podra\u017cniona, sw\u0119dzi, a w\u0142osy nadmiernie wypadaj\u0105, warto skorzysta\u0107 z konsultacji u trychologa. Lekarz jednoznacznie ustali przyczyn\u0119 wypadania w\u0142os\u00f3w\u00a0oraz zaproponuje indywidualnie dopasowany plan leczenia. <\/span><\/p>\n<p>&nbsp;<\/p>\n","protected":false},"excerpt":{"rendered":"<p>W\u0142osy wypadaj\u0105 Ci gar\u015bciami? Znajdujesz je w ka\u017cdym zakamarku swojego mieszkania? Widzisz, jak z ka\u017cdym dniem Twoje pasma staj\u0105 si\u0119 coraz rzadsze? Prawid\u0142owe ustalenie przyczyny wypadania w\u0142os\u00f3w jest kluczowe w celu podj\u0119cia odpowiedniej i skutecznej terapii leczniczej. Poni\u017cej podajemy najcz\u0119stsze powody wypadania w\u0142os\u00f3w.<\/p>\n","protected":false},"author":1,"featured_media":162,"comment_status":"open","ping_status":"open","sticky":false,"template":"","format":"standard","meta":[],"categories":[18],"tags":[61,8,60],"_links":{"self":[{"href":"http:\/\/saloncesare.pl\/blog\/wp-json\/wp\/v2\/posts\/161"}],"collection":[{"href":"http:\/\/saloncesare.pl\/blog\/wp-json\/wp\/v2\/posts"}],"about":[{"href":"http:\/\/saloncesare.pl\/blog\/wp-json\/wp\/v2\/types\/post"}],"author":[{"embeddable":true,"href":"http:\/\/saloncesare.pl\/blog\/wp-json\/wp\/v2\/users\/1"}],"replies":[{"embeddable":true,"href":"http:\/\/saloncesare.pl\/blog\/wp-json\/wp\/v2\/comments?post=161"}],"version-history":[{"count":4,"href":"http:\/\/saloncesare.pl\/blog\/wp-json\/wp\/v2\/posts\/161\/revisions"}],"predecessor-version":[{"id":166,"href":"http:\/\/saloncesare.pl\/blog\/wp-json\/wp\/v2\/posts\/161\/revisions\/166"}],"wp:featuredmedia":[{"embeddable":true,"href":"http:\/\/saloncesare.pl\/blog\/wp-json\/wp\/v2\/media\/162"}],"wp:attachment":[{"href":"http:\/\/saloncesare.pl\/blog\/wp-json\/wp\/v2\/media?parent=161"}],"wp:term":[{"taxonomy":"category","embeddable":true,"href":"http:\/\/saloncesare.pl\/blog\/wp-json\/wp\/v2\/categories?post=161"},{"taxonomy":"post_tag","embeddable":true,"href":"http:\/\/saloncesare.pl\/blog\/wp-json\/wp\/v2\/tags?post=161"}],"curies":[{"name":"wp","href":"https:\/\/api.w.org\/{rel}","templated":true}]}}